{"id":5130,"date":"2023-03-20T09:26:11","date_gmt":"2023-03-20T06:26:11","guid":{"rendered":"http:\/\/journal.phaselis.org\/?p=5130"},"modified":"2023-03-20T14:07:40","modified_gmt":"2023-03-20T11:07:40","slug":"pha-0163","status":"publish","type":"post","link":"http:\/\/journal.phaselis.org\/en\/uncategorized\/pha-0163","title":{"rendered":"Amphora Buluntular\u0131 I\u015f\u0131\u011f\u0131nda Phaselis&#8217;in Akdeniz Ticaretindeki Yeri"},"content":{"rendered":"<p><em><strong><span lang=\"EN-US\">The Place of Phaselis in Mediterranean Trade in the Light of Amphora Finds<\/span><\/strong><\/em><\/p>\n<p style=\"text-align: left;\"><strong>U\u011furcan ORHAN<\/strong><br \/>\n<sub><img decoding=\"async\" class=\"alignnone wp-image-3003\" src=\"http:\/\/journal.phaselis.org\/wp-content\/uploads\/2019\/02\/ORCID_mini.png\" alt=\"\" width=\"14\" height=\"14\" \/>\u00a0<\/sub>https:\/\/orcid.org\/0000-0003-4344-6267<\/p>\n<div class=\"two_third\"><div class=\"divider_line\"><\/div>\n<p><strong><em>PHASELIS<\/em> Supplementary Series I<br \/>\n<\/strong><strong>ISBN<\/strong>: 978-625-00-1229-1<br \/>\n<strong>Elektronik Yay\u0131n Tarihi<\/strong>: 20.03.2023<\/p>\n<div class=\"divider_line\"><\/div><\/div>\n<div class=\"one_third last\"><div id=\"framed_box_77a57ae87bd25ac9443f4035129fe533\" class=\"framed_box\">\n\t<div class=\"framed_box_content\">\n\t\t\n<p><a href=\"http:\/\/journal.phaselis.org\/wp-content\/uploads\/2020\/06\/Pha.20005.pdf\" rel=\"noopener\"><img decoding=\"async\" class=\"wp-image-45 alignnone\" src=\"http:\/\/journal.phaselis.org\/wp-content\/uploads\/2015\/06\/pdf.jpg\" alt=\"pdf\" width=\"18\" height=\"18\" \/><\/a><a href=\"http:\/\/proje.akdeniz.edu.tr\/mcri\/ekyayinlar\/Pha_1_amphora.pdf\" rel=\"noopener\">\u00a0 <strong>Get PDF<\/strong><\/a><\/p>\n<p><strong><a href=\"http:\/\/journal.phaselis.org\/wp-content\/uploads\/2020\/06\/Pha.20005.pdf\" rel=\"noopener\"><img decoding=\"async\" class=\"alignnone wp-image-46\" src=\"http:\/\/journal.phaselis.org\/wp-content\/uploads\/2015\/06\/references.jpg\" alt=\"references\" width=\"18\" height=\"18\" \/><\/a>\u00a0<\/strong>\u00a0<a href=\"http:\/\/proje.akdeniz.edu.tr\/mcri\/ekyayinlar\/Pha_1_amphora.pdf\"><strong>View PDF<\/strong><\/a><\/p>\n\n\t\t<div class=\"framed_box_space\"><\/div>\n\t<\/div>\n<\/div>\n<\/div><div class=\"clearboth\"><\/div>\n\n\n","protected":false},"excerpt":{"rendered":"<p>The Place of Phaselis in Mediterranean Trade in the Light of Amphora Finds U\u011furcan ORHAN \u00a0https:\/\/orcid.org\/0000-0003-4344-6267<\/p>\n","protected":false},"author":1,"featured_media":0,"comment_status":"closed","ping_status":"open","sticky":false,"template":"","format":"standard","meta":[],"categories":[11,68],"tags":[],"_links":{"self":[{"href":"http:\/\/journal.phaselis.org\/en\/wp-json\/wp\/v2\/posts\/5130"}],"collection":[{"href":"http:\/\/journal.phaselis.org\/en\/wp-json\/wp\/v2\/posts"}],"about":[{"href":"http:\/\/journal.phaselis.org\/en\/wp-json\/wp\/v2\/types\/post"}],"author":[{"embeddable":true,"href":"http:\/\/journal.phaselis.org\/en\/wp-json\/wp\/v2\/users\/1"}],"replies":[{"embeddable":true,"href":"http:\/\/journal.phaselis.org\/en\/wp-json\/wp\/v2\/comments?post=5130"}],"version-history":[{"count":4,"href":"http:\/\/journal.phaselis.org\/en\/wp-json\/wp\/v2\/posts\/5130\/revisions"}],"predecessor-version":[{"id":5167,"href":"http:\/\/journal.phaselis.org\/en\/wp-json\/wp\/v2\/posts\/5130\/revisions\/5167"}],"wp:attachment":[{"href":"http:\/\/journal.phaselis.org\/en\/wp-json\/wp\/v2\/media?parent=5130"}],"wp:term":[{"taxonomy":"category","embeddable":true,"href":"http:\/\/journal.phaselis.org\/en\/wp-json\/wp\/v2\/categories?post=5130"},{"taxonomy":"post_tag","embeddable":true,"href":"http:\/\/journal.phaselis.org\/en\/wp-json\/wp\/v2\/tags?post=5130"}],"curies":[{"name":"wp","href":"https:\/\/api.w.org\/{rel}","templated":true}]}}